{"id":52688,"date":"2026-04-22T10:37:16","date_gmt":"2026-04-22T08:37:16","guid":{"rendered":"https:\/\/www.egeplast.de\/egeplast-paa-ifat-oevervakade-roersystem-foer-att-skydda-kritisk-infrastruktur\/"},"modified":"2026-04-22T10:37:16","modified_gmt":"2026-04-22T08:37:16","slug":"egeplast-paa-ifat-oevervakade-roersystem-foer-att-skydda-kritisk-infrastruktur","status":"publish","type":"post","link":"https:\/\/www.egeplast.de\/sv\/egeplast-paa-ifat-oevervakade-roersystem-foer-att-skydda-kritisk-infrastruktur\/","title":{"rendered":"egeplast p\u00e5 IFAT: \u00d6vervakade r\u00f6rsystem f\u00f6r att skydda kritisk infrastruktur"},"content":{"rendered":"","protected":false},"excerpt":{"rendered":"<p>P\u00e5 IFAT presenterar egeplast \u00f6vervakade r\u00f6rsystem f\u00f6r att skydda kritisk infrastruktur.<\/p>\n","protected":false},"author":7,"featured_media":19441,"comment_status":"open","ping_status":"open","sticky":false,"template":"","format":"standard","meta":{"_acf_changed":false,"_seopress_robots_primary_cat":"none","_seopress_titles_title":"%%post_title%% %%sitetitle%%","_seopress_titles_desc":"P\u00e5 IFAT presenterar egeplast \u00f6vervakade r\u00f6rsystem f\u00f6r att skydda kritisk infrastruktur.","_seopress_robots_index":"","_relevanssi_hide_post":"","_relevanssi_hide_content":"","_relevanssi_pin_for_all":"","_relevanssi_pin_keywords":"","_relevanssi_unpin_keywords":"","_relevanssi_related_keywords":"","_relevanssi_related_include_ids":"","_relevanssi_related_exclude_ids":"","_relevanssi_related_no_append":"","_relevanssi_related_not_related":"","_relevanssi_related_posts":"","_relevanssi_noindex_reason":"","footnotes":""},"categories":[215,217],"tags":[936],"class_list":["post-52688","post","type-post","status-publish","format-standard","has-post-thumbnail","hentry","category-egenews","category-foeretag","tag-foeretag"],"acf":[],"_links":{"self":[{"href":"https:\/\/www.egeplast.de\/sv\/wp-json\/wp\/v2\/posts\/52688","targetHints":{"allow":["GET"]}}],"collection":[{"href":"https:\/\/www.egeplast.de\/sv\/wp-json\/wp\/v2\/posts"}],"about":[{"href":"https:\/\/www.egeplast.de\/sv\/wp-json\/wp\/v2\/types\/post"}],"author":[{"embeddable":true,"href":"https:\/\/www.egeplast.de\/sv\/wp-json\/wp\/v2\/users\/7"}],"replies":[{"embeddable":true,"href":"https:\/\/www.egeplast.de\/sv\/wp-json\/wp\/v2\/comments?post=52688"}],"version-history":[{"count":0,"href":"https:\/\/www.egeplast.de\/sv\/wp-json\/wp\/v2\/posts\/52688\/revisions"}],"wp:featuredmedia":[{"embeddable":true,"href":"https:\/\/www.egeplast.de\/sv\/wp-json\/wp\/v2\/media\/19441"}],"wp:attachment":[{"href":"https:\/\/www.egeplast.de\/sv\/wp-json\/wp\/v2\/media?parent=52688"}],"wp:term":[{"taxonomy":"category","embeddable":true,"href":"https:\/\/www.egeplast.de\/sv\/wp-json\/wp\/v2\/categories?post=52688"},{"taxonomy":"post_tag","embeddable":true,"href":"https:\/\/www.egeplast.de\/sv\/wp-json\/wp\/v2\/tags?post=52688"}],"curies":[{"name":"wp","href":"https:\/\/api.w.org\/{rel}","templated":true}]}}