{"id":23637,"date":"2024-05-22T01:20:58","date_gmt":"2024-05-21T23:20:58","guid":{"rendered":"https:\/\/www.egeplast.de\/a-nord-principal-arteria-da-transicao-energetica\/"},"modified":"2026-01-29T14:07:36","modified_gmt":"2026-01-29T13:07:36","slug":"a-nord-principal-arteria-da-transicao-energetica","status":"publish","type":"post","link":"https:\/\/www.egeplast.de\/pt-pt\/a-nord-principal-arteria-da-transicao-energetica\/","title":{"rendered":"A-Nord: Principal art\u00e9ria da transi\u00e7\u00e3o energ\u00e9tica"},"content":{"rendered":"","protected":false},"excerpt":{"rendered":"<p>A linha de transmiss\u00e3o de energia A-Nord transportar\u00e1 energia e\u00f3lica do Mar do Norte para a Ren\u00e2nia do Norte-Vestef\u00e1lia, disponibilizando assim dois gigawatts de capacidade de transmiss\u00e3o a partir de 2027.<\/p>\n","protected":false},"author":1,"featured_media":23638,"comment_status":"open","ping_status":"open","sticky":false,"template":"","format":"standard","meta":{"_acf_changed":false,"_seopress_robots_primary_cat":"none","_seopress_titles_title":"%%post_title%% %%sep%% %%sitetitle%%","_seopress_titles_desc":"Projeto de constru\u00e7\u00e3o de cabos subterr\u00e2neos A-Nord na Baixa Sax\u00f3nia e Ren\u00e2nia do Norte-Vestef\u00e1lia com a egeplast e a Bohlen & Doyen: Um contributo central para a transi\u00e7\u00e3o energ\u00e9tica.","_seopress_robots_index":"","_relevanssi_hide_post":"","_relevanssi_hide_content":"","_relevanssi_pin_for_all":"","_relevanssi_pin_keywords":"","_relevanssi_unpin_keywords":"","_relevanssi_related_keywords":"","_relevanssi_related_include_ids":"","_relevanssi_related_exclude_ids":"","_relevanssi_related_no_append":"","_relevanssi_related_not_related":"","_relevanssi_related_posts":"","_relevanssi_noindex_reason":"","footnotes":""},"categories":[505,504,502,497],"tags":[506,507,508],"class_list":["post-23637","post","type-post","status-publish","format-standard","has-post-thumbnail","hentry","category-eletricidade","category-power-protect-pe","category-protecao-de-cabos","category-referencias","tag-eletricidade","tag-power-protect-pe","tag-protecao-de-cabos"],"acf":[],"_links":{"self":[{"href":"https:\/\/www.egeplast.de\/pt-pt\/wp-json\/wp\/v2\/posts\/23637","targetHints":{"allow":["GET"]}}],"collection":[{"href":"https:\/\/www.egeplast.de\/pt-pt\/wp-json\/wp\/v2\/posts"}],"about":[{"href":"https:\/\/www.egeplast.de\/pt-pt\/wp-json\/wp\/v2\/types\/post"}],"author":[{"embeddable":true,"href":"https:\/\/www.egeplast.de\/pt-pt\/wp-json\/wp\/v2\/users\/1"}],"replies":[{"embeddable":true,"href":"https:\/\/www.egeplast.de\/pt-pt\/wp-json\/wp\/v2\/comments?post=23637"}],"version-history":[{"count":1,"href":"https:\/\/www.egeplast.de\/pt-pt\/wp-json\/wp\/v2\/posts\/23637\/revisions"}],"predecessor-version":[{"id":29555,"href":"https:\/\/www.egeplast.de\/pt-pt\/wp-json\/wp\/v2\/posts\/23637\/revisions\/29555"}],"wp:featuredmedia":[{"embeddable":true,"href":"https:\/\/www.egeplast.de\/pt-pt\/wp-json\/wp\/v2\/media\/23638"}],"wp:attachment":[{"href":"https:\/\/www.egeplast.de\/pt-pt\/wp-json\/wp\/v2\/media?parent=23637"}],"wp:term":[{"taxonomy":"category","embeddable":true,"href":"https:\/\/www.egeplast.de\/pt-pt\/wp-json\/wp\/v2\/categories?post=23637"},{"taxonomy":"post_tag","embeddable":true,"href":"https:\/\/www.egeplast.de\/pt-pt\/wp-json\/wp\/v2\/tags?post=23637"}],"curies":[{"name":"wp","href":"https:\/\/api.w.org\/{rel}","templated":true}]}}