{"id":22130,"date":"2025-04-03T20:13:47","date_gmt":"2025-04-03T18:13:47","guid":{"rendered":"https:\/\/www.egeplast.de\/amprion-aposta-no-offshore-expansao-e-remodelacao-da-subestacao-de-hanekenfaehr\/"},"modified":"2026-01-29T14:05:22","modified_gmt":"2026-01-29T13:05:22","slug":"amprion-aposta-no-offshore-expansao-e-remodelacao-da-subestacao-de-hanekenfaehr","status":"publish","type":"post","link":"https:\/\/www.egeplast.de\/pt-pt\/amprion-aposta-no-offshore-expansao-e-remodelacao-da-subestacao-de-hanekenfaehr\/","title":{"rendered":"Amprion aposta no offshore: Expans\u00e3o e remodela\u00e7\u00e3o da subesta\u00e7\u00e3o de Hanekenf\u00e4hr"},"content":{"rendered":"","protected":false},"excerpt":{"rendered":"<p>No \u00e2mbito da transi\u00e7\u00e3o energ\u00e9tica, a paisagem energ\u00e9tica no sul de Emsland est\u00e1 em transforma\u00e7\u00e3o. No final de 2022, a central nuclear de Emsland, localizada em Hanekenf\u00e4hr, ser\u00e1 desligada da rede. Ao mesmo tempo, quantidades crescentes de energia e\u00f3lica provenientes do norte devem ser integradas de forma sensata na rede.  <\/p>\n","protected":false},"author":1,"featured_media":22133,"comment_status":"open","ping_status":"open","sticky":false,"template":"","format":"standard","meta":{"_acf_changed":false,"_seopress_robots_primary_cat":"none","_seopress_titles_title":"A Amprion est\u00e1 a realizar a remodela\u00e7\u00e3o da subesta\u00e7\u00e3o de Hanekenf\u00e4hr %%sep%% %%sitetitle%%","_seopress_titles_desc":"Para a expans\u00e3o e remodela\u00e7\u00e3o da subesta\u00e7\u00e3o, a Amprion instalou tubos de prote\u00e7\u00e3o egeplast Power Protect PE-RT para cabos de alta e extra alta tens\u00e3o.","_seopress_robots_index":"","_relevanssi_hide_post":"","_relevanssi_hide_content":"","_relevanssi_pin_for_all":"","_relevanssi_pin_keywords":"","_relevanssi_unpin_keywords":"","_relevanssi_related_keywords":"","_relevanssi_related_include_ids":"","_relevanssi_related_exclude_ids":"","_relevanssi_related_no_append":"","_relevanssi_related_not_related":"","_relevanssi_related_posts":"","_relevanssi_noindex_reason":"","footnotes":""},"categories":[503,505,504,502,497],"tags":[506,507,508],"class_list":["post-22130","post","type-post","status-publish","format-standard","has-post-thumbnail","hentry","category-egenews","category-eletricidade","category-power-protect-pe","category-protecao-de-cabos","category-referencias","tag-eletricidade","tag-power-protect-pe","tag-protecao-de-cabos"],"acf":[],"_links":{"self":[{"href":"https:\/\/www.egeplast.de\/pt-pt\/wp-json\/wp\/v2\/posts\/22130","targetHints":{"allow":["GET"]}}],"collection":[{"href":"https:\/\/www.egeplast.de\/pt-pt\/wp-json\/wp\/v2\/posts"}],"about":[{"href":"https:\/\/www.egeplast.de\/pt-pt\/wp-json\/wp\/v2\/types\/post"}],"author":[{"embeddable":true,"href":"https:\/\/www.egeplast.de\/pt-pt\/wp-json\/wp\/v2\/users\/1"}],"replies":[{"embeddable":true,"href":"https:\/\/www.egeplast.de\/pt-pt\/wp-json\/wp\/v2\/comments?post=22130"}],"version-history":[{"count":1,"href":"https:\/\/www.egeplast.de\/pt-pt\/wp-json\/wp\/v2\/posts\/22130\/revisions"}],"predecessor-version":[{"id":29540,"href":"https:\/\/www.egeplast.de\/pt-pt\/wp-json\/wp\/v2\/posts\/22130\/revisions\/29540"}],"wp:featuredmedia":[{"embeddable":true,"href":"https:\/\/www.egeplast.de\/pt-pt\/wp-json\/wp\/v2\/media\/22133"}],"wp:attachment":[{"href":"https:\/\/www.egeplast.de\/pt-pt\/wp-json\/wp\/v2\/media?parent=22130"}],"wp:term":[{"taxonomy":"category","embeddable":true,"href":"https:\/\/www.egeplast.de\/pt-pt\/wp-json\/wp\/v2\/categories?post=22130"},{"taxonomy":"post_tag","embeddable":true,"href":"https:\/\/www.egeplast.de\/pt-pt\/wp-json\/wp\/v2\/tags?post=22130"}],"curies":[{"name":"wp","href":"https:\/\/api.w.org\/{rel}","templated":true}]}}