{"id":52505,"date":"2026-04-21T09:22:03","date_gmt":"2026-04-21T07:22:03","guid":{"rendered":"https:\/\/www.egeplast.de\/egeplast-zostaje-100-wlascicielem-egeplast-pro-cable-2\/"},"modified":"2026-04-21T09:22:03","modified_gmt":"2026-04-21T07:22:03","slug":"egeplast-zostaje-100-wlascicielem-egeplast-pro-cable-2","status":"publish","type":"post","link":"https:\/\/www.egeplast.de\/pl\/egeplast-zostaje-100-wlascicielem-egeplast-pro-cable-2\/","title":{"rendered":"egeplast zostaje 100% w\u0142a\u015bcicielem egeplast pro cable"},"content":{"rendered":"","protected":false},"excerpt":{"rendered":"<p>Dzi\u0119ki pe\u0142nej integracji egeplast pro cable klienci egeplast otrzymuj\u0105 rury z tworzyw sztucznych, kszta\u0142tki, systemy oraz serwis \u2013 wszystko z jednego \u017ar\u00f3d\u0142a.<\/p>\n","protected":false},"author":7,"featured_media":48556,"comment_status":"open","ping_status":"open","sticky":false,"template":"","format":"standard","meta":{"_acf_changed":false,"_seopress_robots_primary_cat":"none","_seopress_titles_title":"%%post_title%% %%sitetitle%%","_seopress_titles_desc":"egeplast przejmuje egeplast pro cable i wzmacnia swoj\u0105 dzia\u0142alno\u015b\u0107 systemow\u0105 w zakresie rozbudowy sieci \u015bwiat\u0142owodowych.","_seopress_robots_index":"tak","_relevanssi_hide_post":"","_relevanssi_hide_content":"","_relevanssi_pin_for_all":"","_relevanssi_pin_keywords":"","_relevanssi_unpin_keywords":"","_relevanssi_related_keywords":"","_relevanssi_related_include_ids":"","_relevanssi_related_exclude_ids":"","_relevanssi_related_no_append":"","_relevanssi_related_not_related":"","_relevanssi_related_posts":"","_relevanssi_noindex_reason":"","footnotes":""},"categories":[488,551],"tags":[938],"class_list":["post-52505","post","type-post","status-publish","format-standard","has-post-thumbnail","hentry","category-egenews","category-przedsiebiorstwo","tag-firma"],"acf":[],"_links":{"self":[{"href":"https:\/\/www.egeplast.de\/pl\/wp-json\/wp\/v2\/posts\/52505","targetHints":{"allow":["GET"]}}],"collection":[{"href":"https:\/\/www.egeplast.de\/pl\/wp-json\/wp\/v2\/posts"}],"about":[{"href":"https:\/\/www.egeplast.de\/pl\/wp-json\/wp\/v2\/types\/post"}],"author":[{"embeddable":true,"href":"https:\/\/www.egeplast.de\/pl\/wp-json\/wp\/v2\/users\/7"}],"replies":[{"embeddable":true,"href":"https:\/\/www.egeplast.de\/pl\/wp-json\/wp\/v2\/comments?post=52505"}],"version-history":[{"count":0,"href":"https:\/\/www.egeplast.de\/pl\/wp-json\/wp\/v2\/posts\/52505\/revisions"}],"wp:featuredmedia":[{"embeddable":true,"href":"https:\/\/www.egeplast.de\/pl\/wp-json\/wp\/v2\/media\/48556"}],"wp:attachment":[{"href":"https:\/\/www.egeplast.de\/pl\/wp-json\/wp\/v2\/media?parent=52505"}],"wp:term":[{"taxonomy":"category","embeddable":true,"href":"https:\/\/www.egeplast.de\/pl\/wp-json\/wp\/v2\/categories?post=52505"},{"taxonomy":"post_tag","embeddable":true,"href":"https:\/\/www.egeplast.de\/pl\/wp-json\/wp\/v2\/tags?post=52505"}],"curies":[{"name":"wp","href":"https:\/\/api.w.org\/{rel}","templated":true}]}}