{"id":52591,"date":"2026-04-21T08:11:16","date_gmt":"2026-04-21T06:11:16","guid":{"rendered":"https:\/\/www.egeplast.de\/editorial-mai-2026\/"},"modified":"2026-04-21T08:11:16","modified_gmt":"2026-04-21T06:11:16","slug":"editorial-mai-2026","status":"publish","type":"post","link":"https:\/\/www.egeplast.de\/fr\/editorial-mai-2026\/","title":{"rendered":"\u00c9ditorial mai 2026"},"content":{"rendered":"","protected":false},"excerpt":{"rendered":"<p>Ch\u00e8res lectrices, chers lecteurs, depuis le d\u00e9but de la guerre au Moyen-Orient fin f\u00e9vrier, le march\u00e9 des mati\u00e8res premi\u00e8res est compl\u00e8tement d\u00e9stabilis\u00e9. En tant que transformateur de mati\u00e8res plastiques, nous sommes directement touch\u00e9s par les cons\u00e9quences. <\/p>\n","protected":false},"author":7,"featured_media":19886,"comment_status":"open","ping_status":"open","sticky":false,"template":"","format":"standard","meta":{"_acf_changed":false,"_seopress_robots_primary_cat":"none","_seopress_titles_title":"%%post_title%% %%sitetitle%%","_seopress_titles_desc":"Ch\u00e8res lectrices, chers lecteurs, depuis le d\u00e9but de la guerre au Moyen-Orient fin f\u00e9vrier, le march\u00e9 des mati\u00e8res premi\u00e8res est compl\u00e8tement d\u00e9stabilis\u00e9.","_seopress_robots_index":"","_relevanssi_hide_post":"","_relevanssi_hide_content":"","_relevanssi_pin_for_all":"","_relevanssi_pin_keywords":"","_relevanssi_unpin_keywords":"","_relevanssi_related_keywords":"","_relevanssi_related_include_ids":"","_relevanssi_related_exclude_ids":"","_relevanssi_related_no_append":"","_relevanssi_related_not_related":"","_relevanssi_related_posts":"","_relevanssi_noindex_reason":"","footnotes":""},"categories":[281,279],"tags":[961],"class_list":["post-52591","post","type-post","status-publish","format-standard","has-post-thumbnail","hentry","category-editorial","category-egenews","tag-editorial"],"acf":[],"_links":{"self":[{"href":"https:\/\/www.egeplast.de\/fr\/wp-json\/wp\/v2\/posts\/52591","targetHints":{"allow":["GET"]}}],"collection":[{"href":"https:\/\/www.egeplast.de\/fr\/wp-json\/wp\/v2\/posts"}],"about":[{"href":"https:\/\/www.egeplast.de\/fr\/wp-json\/wp\/v2\/types\/post"}],"author":[{"embeddable":true,"href":"https:\/\/www.egeplast.de\/fr\/wp-json\/wp\/v2\/users\/7"}],"replies":[{"embeddable":true,"href":"https:\/\/www.egeplast.de\/fr\/wp-json\/wp\/v2\/comments?post=52591"}],"version-history":[{"count":0,"href":"https:\/\/www.egeplast.de\/fr\/wp-json\/wp\/v2\/posts\/52591\/revisions"}],"wp:featuredmedia":[{"embeddable":true,"href":"https:\/\/www.egeplast.de\/fr\/wp-json\/wp\/v2\/media\/19886"}],"wp:attachment":[{"href":"https:\/\/www.egeplast.de\/fr\/wp-json\/wp\/v2\/media?parent=52591"}],"wp:term":[{"taxonomy":"category","embeddable":true,"href":"https:\/\/www.egeplast.de\/fr\/wp-json\/wp\/v2\/categories?post=52591"},{"taxonomy":"post_tag","embeddable":true,"href":"https:\/\/www.egeplast.de\/fr\/wp-json\/wp\/v2\/tags?post=52591"}],"curies":[{"name":"wp","href":"https:\/\/api.w.org\/{rel}","templated":true}]}}