{"id":24072,"date":"2021-01-21T09:00:35","date_gmt":"2021-01-21T08:00:35","guid":{"rendered":"https:\/\/www.egeplast.de\/extena-siirtaeae-mahdollisuuksien-rajoja-yhae-kauemmas\/"},"modified":"2021-01-21T09:00:35","modified_gmt":"2021-01-21T08:00:35","slug":"extena-siirtaeae-mahdollisuuksien-rajoja-yhae-kauemmas","status":"publish","type":"post","link":"https:\/\/www.egeplast.de\/fi\/extena-siirtaeae-mahdollisuuksien-rajoja-yhae-kauemmas\/","title":{"rendered":"Extena \u2013 siirt\u00e4\u00e4 mahdollisuuksien rajoja yh\u00e4 kauemmas"},"content":{"rendered":"","protected":false},"excerpt":{"rendered":"<p>Maaliskuussa 2020 egeplast hankki enemmist\u00f6osuuden Extenasta, joka on markkina- ja laatujohtaja muoviputkissa Ruotsissa. egeplast toivottaa kaikki uudet egeplast-perheen j\u00e4senet l\u00e4mpim\u00e4sti tervetulleiksi ja esittelee Extenan toimitusjohtaja Peter Falkin kanssa. <\/p>\n","protected":false},"author":6,"featured_media":24073,"comment_status":"open","ping_status":"open","sticky":false,"template":"","format":"standard","meta":{"_acf_changed":false,"_seopress_robots_primary_cat":"none","_seopress_titles_title":"Extena \u2013 siirt\u00e4\u00e4 rajoja yh\u00e4 kauemmas %%sep%% %%sitetitle%%","_seopress_titles_desc":"Asiantuntijahaastattelu Extena AB:sta ja yhteisty\u00f6st\u00e4 egeplastin kanssa. Pohjois-Euroopan putkij\u00e4rjestelm\u00e4t tulevat Ruotsista. Lue lis\u00e4\u00e4 t\u00e4\u00e4lt\u00e4!  ","_seopress_robots_index":"","_relevanssi_hide_post":"","_relevanssi_hide_content":"","_relevanssi_pin_for_all":"","_relevanssi_pin_keywords":"","_relevanssi_unpin_keywords":"","_relevanssi_related_keywords":"","_relevanssi_related_include_ids":"","_relevanssi_related_exclude_ids":"","_relevanssi_related_no_append":"","_relevanssi_related_not_related":"","_relevanssi_related_posts":"","_relevanssi_noindex_reason":"","footnotes":""},"categories":[511],"tags":[],"class_list":["post-24072","post","type-post","status-publish","format-standard","has-post-thumbnail","hentry","category-yritys"],"acf":[],"_links":{"self":[{"href":"https:\/\/www.egeplast.de\/fi\/wp-json\/wp\/v2\/posts\/24072","targetHints":{"allow":["GET"]}}],"collection":[{"href":"https:\/\/www.egeplast.de\/fi\/wp-json\/wp\/v2\/posts"}],"about":[{"href":"https:\/\/www.egeplast.de\/fi\/wp-json\/wp\/v2\/types\/post"}],"author":[{"embeddable":true,"href":"https:\/\/www.egeplast.de\/fi\/wp-json\/wp\/v2\/users\/6"}],"replies":[{"embeddable":true,"href":"https:\/\/www.egeplast.de\/fi\/wp-json\/wp\/v2\/comments?post=24072"}],"version-history":[{"count":0,"href":"https:\/\/www.egeplast.de\/fi\/wp-json\/wp\/v2\/posts\/24072\/revisions"}],"wp:featuredmedia":[{"embeddable":true,"href":"https:\/\/www.egeplast.de\/fi\/wp-json\/wp\/v2\/media\/24073"}],"wp:attachment":[{"href":"https:\/\/www.egeplast.de\/fi\/wp-json\/wp\/v2\/media?parent=24072"}],"wp:term":[{"taxonomy":"category","embeddable":true,"href":"https:\/\/www.egeplast.de\/fi\/wp-json\/wp\/v2\/categories?post=24072"},{"taxonomy":"post_tag","embeddable":true,"href":"https:\/\/www.egeplast.de\/fi\/wp-json\/wp\/v2\/tags?post=24072"}],"curies":[{"name":"wp","href":"https:\/\/api.w.org\/{rel}","templated":true}]}}